{"id":10530,"date":"2024-10-21T15:34:21","date_gmt":"2024-10-21T15:34:21","guid":{"rendered":"https:\/\/www.upra.org\/es\/?post_type=magazine_articles&#038;p=10530"},"modified":"2024-10-21T15:38:26","modified_gmt":"2024-10-21T15:38:26","slug":"bioetica-y-educacion-etica-al-centro-del-debate","status":"publish","type":"magazine_articles","link":"https:\/\/www.upra.org\/es\/ricerca\/pubblicazioni\/riviste-apra\/bioetica-y-educacion-etica-al-centro-del-debate\/","title":{"rendered":"Bio\u00e9tica y Educaci\u00f3n \u00c9tica al centro del debate"},"content":{"rendered":"","protected":false},"excerpt":{"rendered":"","protected":false},"featured_media":10518,"parent":0,"template":"","magazine_articles_year":[389],"magazine_articles_tag":[],"magazine_articles_category":[],"class_list":["post-10530","magazine_articles","type-magazine_articles","status-publish","has-post-thumbnail","hentry"],"acf":[],"_links":{"self":[{"href":"https:\/\/www.upra.org\/es\/wp-json\/wp\/v2\/magazine_articles\/10530","targetHints":{"allow":["GET"]}}],"collection":[{"href":"https:\/\/www.upra.org\/es\/wp-json\/wp\/v2\/magazine_articles"}],"about":[{"href":"https:\/\/www.upra.org\/es\/wp-json\/wp\/v2\/types\/magazine_articles"}],"wp:featuredmedia":[{"embeddable":true,"href":"https:\/\/www.upra.org\/es\/wp-json\/wp\/v2\/media\/10518"}],"wp:attachment":[{"href":"https:\/\/www.upra.org\/es\/wp-json\/wp\/v2\/media?parent=10530"}],"wp:term":[{"taxonomy":"magazine_articles_year","embeddable":true,"href":"https:\/\/www.upra.org\/es\/wp-json\/wp\/v2\/magazine_articles_year?post=10530"},{"taxonomy":"magazine_articles_tag","embeddable":true,"href":"https:\/\/www.upra.org\/es\/wp-json\/wp\/v2\/magazine_articles_tag?post=10530"},{"taxonomy":"magazine_articles_category","embeddable":true,"href":"https:\/\/www.upra.org\/es\/wp-json\/wp\/v2\/magazine_articles_category?post=10530"}],"curies":[{"name":"wp","href":"https:\/\/api.w.org\/{rel}","templated":true}]}}